{"id":36388,"date":"2024-03-12T08:10:50","date_gmt":"2024-03-12T07:10:50","guid":{"rendered":"https:\/\/www.orkel.com\/blog\/rewolucja-w-gospodarce-odpadami-na-grenlandii\/"},"modified":"2025-10-02T14:59:34","modified_gmt":"2025-10-02T12:59:34","slug":"rewolucja-w-gospodarce-odpadami-na-grenlandii","status":"publish","type":"post","link":"https:\/\/www.orkel.com\/pl\/blog\/rewolucja-w-gospodarce-odpadami-na-grenlandii\/","title":{"rendered":"Rewolucja w gospodarce odpadami na Grenlandii"},"content":{"rendered":"\n<p><strong>Dwa miasta na Grenlandii, ze swoim niezachwianym skupieniem na gospodarce odpadami i zarz\u0105dzaniu \u015brodowiskiem, przoduj\u0105 w poszukiwaniu rozwi\u0105za\u0144 problemu zanieczyszcze\u0144 z otwartych wysypisk \u015bmieci. Dostrzegaj\u0105c pilno\u015b\u0107 sytuacji, nawi\u0105zano wsp\u00f3\u0142prac\u0119 mi\u0119dzy Orkel, \u00d8stli w Danii i dwiema gminami Grenlandii, co stanowi znacz\u0105cy krok w kierunku zachowania naturalnego pi\u0119kna regionu. <\/strong><\/p>\n\n<p>Problem rozpraszania odpad\u00f3w utrzymuje si\u0119 z powodu uporczywych wiatr\u00f3w, zagra\u017caj\u0105c lokalnym ekosystemom. W odpowiedzi na to, gminy Grenlandii poszukiwa\u0142y zr\u00f3wnowa\u017conego rozwi\u0105zania zgodnego z przepisami dotycz\u0105cymi transportu odpad\u00f3w. <\/p>\n\n<h2 class=\"wp-block-heading has-medium-font-size\">Innowacyjne pakowanie odpad\u00f3w: rozwi\u0105zanie w postaci bel okr\u0105g\u0142ych<\/h2>\n\n<p>Orkel wprowadzi\u0142 innowacyjne podej\u015bcie do pakowania \u015bmieci w okr\u0105g\u0142e bele za pomoc\u0105 przemys\u0142owych pras roluj\u0105cych, zapewniaj\u0105c bezpieczne przechowywanie i minimalizuj\u0105c zanieczyszczenie \u015brodowiska podczas magazynowania i transportu.<br\/><br\/>To praktyczne rozwi\u0105zanie jest zgodne z zaanga\u017cowaniem Grenlandii w ochron\u0119 \u015brodowiska w oczekiwaniu na przekszta\u0142cenie odpad\u00f3w w energi\u0119 w stolicy Nuuk.<\/p>\n\n<p><\/p>\n\n<figure class=\"wp-block-image size-large\"><img loading=\"lazy\" decoding=\"async\" width=\"1024\" height=\"576\" src=\"https:\/\/www.orkel.com\/wp-content\/uploads\/2024\/03\/Bilde3-1024x576.jpg\" alt=\"\" class=\"wp-image-16144\" srcset=\"https:\/\/www.orkel.com\/wp-content\/uploads\/2024\/03\/Bilde3-1024x576.jpg 1024w, https:\/\/www.orkel.com\/wp-content\/uploads\/2024\/03\/Bilde3-300x169.jpg 300w, https:\/\/www.orkel.com\/wp-content\/uploads\/2024\/03\/Bilde3-178x100.jpg 178w, https:\/\/www.orkel.com\/wp-content\/uploads\/2024\/03\/Bilde3-768x432.jpg 768w, https:\/\/www.orkel.com\/wp-content\/uploads\/2024\/03\/Bilde3.jpg 1384w\" sizes=\"(max-width: 1024px) 100vw, 1024px\" \/><figcaption class=\"wp-element-caption\">Kompaktor Orkel Hi-X evo przekszta\u0142ca odpady luzem w zag\u0119szczone i szczelnie zamkni\u0119te jednostki. <\/figcaption><\/figure>\n\n<h2 class=\"wp-block-heading has-medium-font-size\">Udane wdro\u017cenie przemys\u0142owych pras do odpad\u00f3w Orkel<\/h2>\n\n<p>Dwie jednostki Orkel Hi-X evo, strategicznie zlokalizowane w Ilulissat i Upernavik, stanowi\u0105 znacz\u0105cy krok w kierunku zr\u00f3wnowa\u017conej gospodarki odpadami na Grenlandii. Wyposa\u017cone w zaawansowan\u0105 technologi\u0119 z Norwegii, te przemys\u0142owe prasy do odpad\u00f3w s\u0105 kluczowe w osi\u0105ganiu cel\u00f3w \u015brodowiskowych regionu. Decyzja o wyborze Orkel by\u0142a wieloaspektowa.  <\/p>\n\n<figure class=\"wp-block-image is-resized\"><img loading=\"lazy\" decoding=\"async\" width=\"821\" height=\"1096\" src=\"https:\/\/www.orkel.com\/wp-content\/uploads\/2024\/03\/Bilde1-1.jpg\" alt=\"\" class=\"wp-image-16147\" style=\"width:465px;height:621px\" srcset=\"https:\/\/www.orkel.com\/wp-content\/uploads\/2024\/03\/Bilde1-1.jpg 821w, https:\/\/www.orkel.com\/wp-content\/uploads\/2024\/03\/Bilde1-1-225x300.jpg 225w, https:\/\/www.orkel.com\/wp-content\/uploads\/2024\/03\/Bilde1-1-767x1024.jpg 767w, https:\/\/www.orkel.com\/wp-content\/uploads\/2024\/03\/Bilde1-1-75x100.jpg 75w, https:\/\/www.orkel.com\/wp-content\/uploads\/2024\/03\/Bilde1-1-768x1025.jpg 768w\" sizes=\"(max-width: 821px) 100vw, 821px\" \/><figcaption class=\"wp-element-caption\">Sprasowane i owini\u0119te odpady zajmuj\u0105 mniej miejsca i nie rozpraszaj\u0105 si\u0119 w oceanie.<\/figcaption><\/figure>\n\n<h2 class=\"wp-block-heading has-medium-font-size\">Zobowi\u0105zanie do odpowiedzialno\u015bci \u015brodowiskowej<\/h2>\n\n<p>Wsp\u00f3\u0142praca Orkel i Grenlandii odzwierciedla wsp\u00f3lne zaanga\u017cowanie w ochron\u0119 \u015brodowiska. Poprzez redukcj\u0119 zanieczyszcze\u0144 i usprawnienie gospodarki odpadami, pomagamy zachowa\u0107 naturalne krajobrazy Grenlandii dla przysz\u0142ych pokole\u0144. <\/p>\n\n<p>Praca Orkel na Grenlandii pokazuje, jak innowacje i wsp\u00f3\u0142praca mog\u0105 realnie przyczyni\u0107 si\u0119 do rozwi\u0105zywania wyzwa\u0144 \u015brodowiskowych. <\/p>\n\n<p>Kontynuujemy nasze zaanga\u017cowanie w tworzenie czystszej i zdrowszej planety.<\/p>\n\n<p><\/p>\n","protected":false},"excerpt":{"rendered":"<p>Dwa miasta na Grenlandii, ze swoim niezachwianym skupieniem na gospodarce odpadami i zarz\u0105dzaniu \u015brodowiskiem, przoduj\u0105 w poszukiwaniu rozwi\u0105za\u0144 problemu zanieczyszcze\u0144 z otwartych wysypisk \u015bmieci. Dostrzegaj\u0105c pilno\u015b\u0107 sytuacji, nawi\u0105zano wsp\u00f3\u0142prac\u0119 mi\u0119dzy Orkel, \u00d8stli w Danii i dwiema gminami Grenlandii, co stanowi znacz\u0105cy krok w kierunku zachowania naturalnego pi\u0119kna regionu. Problem rozpraszania odpad\u00f3w utrzymuje si\u0119 z powodu [&hellip;]<\/p>\n","protected":false},"author":21,"featured_media":0,"comment_status":"closed","ping_status":"closed","sticky":false,"template":"","format":"standard","meta":{"_acf_changed":false,"footnotes":""},"categories":[433],"tags":[],"class_list":["post-36388","post","type-post","status-publish","format-standard","hentry","category-artykuly"],"acf":[],"mb":[],"yoast_head":"<!-- This site is optimized with the Yoast SEO plugin v25.8 - https:\/\/yoast.com\/wordpress\/plugins\/seo\/ -->\n<title>Rewolucja w gospodarce odpadami na Grenlandii - Orkel<\/title>\n<meta name=\"description\" content=\"Poznaj technologi\u0119 kompaktor\u00f3w Orkel, idealn\u0105 dla spo\u0142eczno\u015bci wyspiarskich takich jak Grenlandia. Przejmij kontrol\u0119 nad utylizacj\u0105 odpad\u00f3w, zag\u0119szczaj\u0105c je do ponownego wykorzystania energetycznego. Zrewolucjonizuj zr\u00f3wnowa\u017cony rozw\u00f3j dzi\u0119ki naszemu unikalnemu rozwi\u0105zaniu.\" \/>\n<meta name=\"robots\" content=\"index, follow, max-snippet:-1, max-image-preview:large, max-video-preview:-1\" \/>\n<link rel=\"canonical\" href=\"https:\/\/www.orkel.com\/pl\/blog\/rewolucja-w-gospodarce-odpadami-na-grenlandii\/\" \/>\n<meta property=\"og:locale\" content=\"pl_PL\" \/>\n<meta property=\"og:type\" content=\"article\" \/>\n<meta property=\"og:title\" content=\"Rewolucja w gospodarce odpadami na Grenlandii - Orkel\" \/>\n<meta property=\"og:description\" content=\"Poznaj technologi\u0119 kompaktor\u00f3w Orkel, idealn\u0105 dla spo\u0142eczno\u015bci wyspiarskich takich jak Grenlandia. Przejmij kontrol\u0119 nad utylizacj\u0105 odpad\u00f3w, zag\u0119szczaj\u0105c je do ponownego wykorzystania energetycznego. Zrewolucjonizuj zr\u00f3wnowa\u017cony rozw\u00f3j dzi\u0119ki naszemu unikalnemu rozwi\u0105zaniu.\" \/>\n<meta property=\"og:url\" content=\"https:\/\/www.orkel.com\/pl\/blog\/rewolucja-w-gospodarce-odpadami-na-grenlandii\/\" \/>\n<meta property=\"og:site_name\" content=\"Orkel\" \/>\n<meta property=\"article:publisher\" content=\"https:\/\/www.facebook.com\/OrkelAS\" \/>\n<meta property=\"article:published_time\" content=\"2024-03-12T07:10:50+00:00\" \/>\n<meta property=\"article:modified_time\" content=\"2025-10-02T12:59:34+00:00\" \/>\n<meta property=\"og:image\" content=\"https:\/\/www.orkel.com\/wp-content\/uploads\/2024\/03\/Bilde3.jpg\" \/>\n\t<meta property=\"og:image:width\" content=\"1384\" \/>\n\t<meta property=\"og:image:height\" content=\"779\" \/>\n\t<meta property=\"og:image:type\" content=\"image\/jpeg\" \/>\n<meta name=\"author\" content=\"Marte Wormdal Malde\" \/>\n<meta name=\"twitter:card\" content=\"summary_large_image\" \/>\n<meta name=\"twitter:label1\" content=\"Napisane przez\" \/>\n\t<meta name=\"twitter:data1\" content=\"Marte Wormdal Malde\" \/>\n\t<meta name=\"twitter:label2\" content=\"Szacowany czas czytania\" \/>\n\t<meta name=\"twitter:data2\" content=\"2 minuta\" \/>\n<script type=\"application\/ld+json\" class=\"yoast-schema-graph\">{\"@context\":\"https:\/\/schema.org\",\"@graph\":[{\"@type\":\"Article\",\"@id\":\"https:\/\/www.orkel.com\/pl\/blog\/rewolucja-w-gospodarce-odpadami-na-grenlandii\/#article\",\"isPartOf\":{\"@id\":\"https:\/\/www.orkel.com\/pl\/blog\/rewolucja-w-gospodarce-odpadami-na-grenlandii\/\"},\"author\":{\"name\":\"Marte Wormdal Malde\",\"@id\":\"https:\/\/www.orkel.com\/pl\/#\/schema\/person\/a733302bcc8b985865970d5b23bd95fa\"},\"headline\":\"Rewolucja w gospodarce odpadami na Grenlandii\",\"datePublished\":\"2024-03-12T07:10:50+00:00\",\"dateModified\":\"2025-10-02T12:59:34+00:00\",\"mainEntityOfPage\":{\"@id\":\"https:\/\/www.orkel.com\/pl\/blog\/rewolucja-w-gospodarce-odpadami-na-grenlandii\/\"},\"wordCount\":327,\"publisher\":{\"@id\":\"https:\/\/www.orkel.com\/pl\/#organization\"},\"image\":{\"@id\":\"https:\/\/www.orkel.com\/pl\/blog\/rewolucja-w-gospodarce-odpadami-na-grenlandii\/#primaryimage\"},\"thumbnailUrl\":\"https:\/\/www.orkel.com\/wp-content\/uploads\/2024\/03\/Bilde3-1024x576.jpg\",\"articleSection\":[\"Artyku\u0142y\"],\"inLanguage\":\"pl-PL\"},{\"@type\":\"WebPage\",\"@id\":\"https:\/\/www.orkel.com\/pl\/blog\/rewolucja-w-gospodarce-odpadami-na-grenlandii\/\",\"url\":\"https:\/\/www.orkel.com\/pl\/blog\/rewolucja-w-gospodarce-odpadami-na-grenlandii\/\",\"name\":\"Rewolucja w gospodarce odpadami na Grenlandii - Orkel\",\"isPartOf\":{\"@id\":\"https:\/\/www.orkel.com\/pl\/#website\"},\"primaryImageOfPage\":{\"@id\":\"https:\/\/www.orkel.com\/pl\/blog\/rewolucja-w-gospodarce-odpadami-na-grenlandii\/#primaryimage\"},\"image\":{\"@id\":\"https:\/\/www.orkel.com\/pl\/blog\/rewolucja-w-gospodarce-odpadami-na-grenlandii\/#primaryimage\"},\"thumbnailUrl\":\"https:\/\/www.orkel.com\/wp-content\/uploads\/2024\/03\/Bilde3-1024x576.jpg\",\"datePublished\":\"2024-03-12T07:10:50+00:00\",\"dateModified\":\"2025-10-02T12:59:34+00:00\",\"description\":\"Poznaj technologi\u0119 kompaktor\u00f3w Orkel, idealn\u0105 dla spo\u0142eczno\u015bci wyspiarskich takich jak Grenlandia. Przejmij kontrol\u0119 nad utylizacj\u0105 odpad\u00f3w, zag\u0119szczaj\u0105c je do ponownego wykorzystania energetycznego. Zrewolucjonizuj zr\u00f3wnowa\u017cony rozw\u00f3j dzi\u0119ki naszemu unikalnemu rozwi\u0105zaniu.\",\"breadcrumb\":{\"@id\":\"https:\/\/www.orkel.com\/pl\/blog\/rewolucja-w-gospodarce-odpadami-na-grenlandii\/#breadcrumb\"},\"inLanguage\":\"pl-PL\",\"potentialAction\":[{\"@type\":\"ReadAction\",\"target\":[\"https:\/\/www.orkel.com\/pl\/blog\/rewolucja-w-gospodarce-odpadami-na-grenlandii\/\"]}]},{\"@type\":\"ImageObject\",\"inLanguage\":\"pl-PL\",\"@id\":\"https:\/\/www.orkel.com\/pl\/blog\/rewolucja-w-gospodarce-odpadami-na-grenlandii\/#primaryimage\",\"url\":\"https:\/\/www.orkel.com\/wp-content\/uploads\/2024\/03\/Bilde3-1024x576.jpg\",\"contentUrl\":\"https:\/\/www.orkel.com\/wp-content\/uploads\/2024\/03\/Bilde3-1024x576.jpg\"},{\"@type\":\"BreadcrumbList\",\"@id\":\"https:\/\/www.orkel.com\/pl\/blog\/rewolucja-w-gospodarce-odpadami-na-grenlandii\/#breadcrumb\",\"itemListElement\":[{\"@type\":\"ListItem\",\"position\":1,\"name\":\"Strona g\u0142\u00f3wna\",\"item\":\"https:\/\/www.orkel.com\/pl\/\"},{\"@type\":\"ListItem\",\"position\":2,\"name\":\"Rewolucja w gospodarce odpadami na Grenlandii\"}]},{\"@type\":\"WebSite\",\"@id\":\"https:\/\/www.orkel.com\/pl\/#website\",\"url\":\"https:\/\/www.orkel.com\/pl\/\",\"name\":\"Orkel\",\"description\":\"\",\"publisher\":{\"@id\":\"https:\/\/www.orkel.com\/pl\/#organization\"},\"potentialAction\":[{\"@type\":\"SearchAction\",\"target\":{\"@type\":\"EntryPoint\",\"urlTemplate\":\"https:\/\/www.orkel.com\/pl\/?s={search_term_string}\"},\"query-input\":{\"@type\":\"PropertyValueSpecification\",\"valueRequired\":true,\"valueName\":\"search_term_string\"}}],\"inLanguage\":\"pl-PL\"},{\"@type\":\"Organization\",\"@id\":\"https:\/\/www.orkel.com\/pl\/#organization\",\"name\":\"Orkel\",\"url\":\"https:\/\/www.orkel.com\/pl\/\",\"logo\":{\"@type\":\"ImageObject\",\"inLanguage\":\"pl-PL\",\"@id\":\"https:\/\/www.orkel.com\/pl\/#\/schema\/logo\/image\/\",\"url\":\"https:\/\/www.orkel.com\/wp-content\/uploads\/2025\/05\/orkel-logo.svg\",\"contentUrl\":\"https:\/\/www.orkel.com\/wp-content\/uploads\/2025\/05\/orkel-logo.svg\",\"width\":160,\"height\":65,\"caption\":\"Orkel\"},\"image\":{\"@id\":\"https:\/\/www.orkel.com\/pl\/#\/schema\/logo\/image\/\"},\"sameAs\":[\"https:\/\/www.facebook.com\/OrkelAS\"]},{\"@type\":\"Person\",\"@id\":\"https:\/\/www.orkel.com\/pl\/#\/schema\/person\/a733302bcc8b985865970d5b23bd95fa\",\"name\":\"Marte Wormdal Malde\",\"image\":{\"@type\":\"ImageObject\",\"inLanguage\":\"pl-PL\",\"@id\":\"https:\/\/www.orkel.com\/pl\/#\/schema\/person\/image\/\",\"url\":\"https:\/\/secure.gravatar.com\/avatar\/f3d6ccf806499bd6b1d3d27fe660ebac7556633ea7c828bbb431e54ff1f4064f?s=96&d=mm&r=g\",\"contentUrl\":\"https:\/\/secure.gravatar.com\/avatar\/f3d6ccf806499bd6b1d3d27fe660ebac7556633ea7c828bbb431e54ff1f4064f?s=96&d=mm&r=g\",\"caption\":\"Marte Wormdal Malde\"},\"url\":\"https:\/\/www.orkel.com\/pl\/blog\/author\/marte\/\"}]}<\/script>\n<!-- \/ Yoast SEO plugin. -->","yoast_head_json":{"title":"Rewolucja w gospodarce odpadami na Grenlandii - Orkel","description":"Poznaj technologi\u0119 kompaktor\u00f3w Orkel, idealn\u0105 dla spo\u0142eczno\u015bci wyspiarskich takich jak Grenlandia. Przejmij kontrol\u0119 nad utylizacj\u0105 odpad\u00f3w, zag\u0119szczaj\u0105c je do ponownego wykorzystania energetycznego. Zrewolucjonizuj zr\u00f3wnowa\u017cony rozw\u00f3j dzi\u0119ki naszemu unikalnemu rozwi\u0105zaniu.","robots":{"index":"index","follow":"follow","max-snippet":"max-snippet:-1","max-image-preview":"max-image-preview:large","max-video-preview":"max-video-preview:-1"},"canonical":"https:\/\/www.orkel.com\/pl\/blog\/rewolucja-w-gospodarce-odpadami-na-grenlandii\/","og_locale":"pl_PL","og_type":"article","og_title":"Rewolucja w gospodarce odpadami na Grenlandii - Orkel","og_description":"Poznaj technologi\u0119 kompaktor\u00f3w Orkel, idealn\u0105 dla spo\u0142eczno\u015bci wyspiarskich takich jak Grenlandia. Przejmij kontrol\u0119 nad utylizacj\u0105 odpad\u00f3w, zag\u0119szczaj\u0105c je do ponownego wykorzystania energetycznego. Zrewolucjonizuj zr\u00f3wnowa\u017cony rozw\u00f3j dzi\u0119ki naszemu unikalnemu rozwi\u0105zaniu.","og_url":"https:\/\/www.orkel.com\/pl\/blog\/rewolucja-w-gospodarce-odpadami-na-grenlandii\/","og_site_name":"Orkel","article_publisher":"https:\/\/www.facebook.com\/OrkelAS","article_published_time":"2024-03-12T07:10:50+00:00","article_modified_time":"2025-10-02T12:59:34+00:00","og_image":[{"width":1384,"height":779,"url":"https:\/\/www.orkel.com\/wp-content\/uploads\/2024\/03\/Bilde3.jpg","type":"image\/jpeg"}],"author":"Marte Wormdal Malde","twitter_card":"summary_large_image","twitter_misc":{"Napisane przez":"Marte Wormdal Malde","Szacowany czas czytania":"2 minuta"},"schema":{"@context":"https:\/\/schema.org","@graph":[{"@type":"Article","@id":"https:\/\/www.orkel.com\/pl\/blog\/rewolucja-w-gospodarce-odpadami-na-grenlandii\/#article","isPartOf":{"@id":"https:\/\/www.orkel.com\/pl\/blog\/rewolucja-w-gospodarce-odpadami-na-grenlandii\/"},"author":{"name":"Marte Wormdal Malde","@id":"https:\/\/www.orkel.com\/pl\/#\/schema\/person\/a733302bcc8b985865970d5b23bd95fa"},"headline":"Rewolucja w gospodarce odpadami na Grenlandii","datePublished":"2024-03-12T07:10:50+00:00","dateModified":"2025-10-02T12:59:34+00:00","mainEntityOfPage":{"@id":"https:\/\/www.orkel.com\/pl\/blog\/rewolucja-w-gospodarce-odpadami-na-grenlandii\/"},"wordCount":327,"publisher":{"@id":"https:\/\/www.orkel.com\/pl\/#organization"},"image":{"@id":"https:\/\/www.orkel.com\/pl\/blog\/rewolucja-w-gospodarce-odpadami-na-grenlandii\/#primaryimage"},"thumbnailUrl":"https:\/\/www.orkel.com\/wp-content\/uploads\/2024\/03\/Bilde3-1024x576.jpg","articleSection":["Artyku\u0142y"],"inLanguage":"pl-PL"},{"@type":"WebPage","@id":"https:\/\/www.orkel.com\/pl\/blog\/rewolucja-w-gospodarce-odpadami-na-grenlandii\/","url":"https:\/\/www.orkel.com\/pl\/blog\/rewolucja-w-gospodarce-odpadami-na-grenlandii\/","name":"Rewolucja w gospodarce odpadami na Grenlandii - Orkel","isPartOf":{"@id":"https:\/\/www.orkel.com\/pl\/#website"},"primaryImageOfPage":{"@id":"https:\/\/www.orkel.com\/pl\/blog\/rewolucja-w-gospodarce-odpadami-na-grenlandii\/#primaryimage"},"image":{"@id":"https:\/\/www.orkel.com\/pl\/blog\/rewolucja-w-gospodarce-odpadami-na-grenlandii\/#primaryimage"},"thumbnailUrl":"https:\/\/www.orkel.com\/wp-content\/uploads\/2024\/03\/Bilde3-1024x576.jpg","datePublished":"2024-03-12T07:10:50+00:00","dateModified":"2025-10-02T12:59:34+00:00","description":"Poznaj technologi\u0119 kompaktor\u00f3w Orkel, idealn\u0105 dla spo\u0142eczno\u015bci wyspiarskich takich jak Grenlandia. Przejmij kontrol\u0119 nad utylizacj\u0105 odpad\u00f3w, zag\u0119szczaj\u0105c je do ponownego wykorzystania energetycznego. Zrewolucjonizuj zr\u00f3wnowa\u017cony rozw\u00f3j dzi\u0119ki naszemu unikalnemu rozwi\u0105zaniu.","breadcrumb":{"@id":"https:\/\/www.orkel.com\/pl\/blog\/rewolucja-w-gospodarce-odpadami-na-grenlandii\/#breadcrumb"},"inLanguage":"pl-PL","potentialAction":[{"@type":"ReadAction","target":["https:\/\/www.orkel.com\/pl\/blog\/rewolucja-w-gospodarce-odpadami-na-grenlandii\/"]}]},{"@type":"ImageObject","inLanguage":"pl-PL","@id":"https:\/\/www.orkel.com\/pl\/blog\/rewolucja-w-gospodarce-odpadami-na-grenlandii\/#primaryimage","url":"https:\/\/www.orkel.com\/wp-content\/uploads\/2024\/03\/Bilde3-1024x576.jpg","contentUrl":"https:\/\/www.orkel.com\/wp-content\/uploads\/2024\/03\/Bilde3-1024x576.jpg"},{"@type":"BreadcrumbList","@id":"https:\/\/www.orkel.com\/pl\/blog\/rewolucja-w-gospodarce-odpadami-na-grenlandii\/#breadcrumb","itemListElement":[{"@type":"ListItem","position":1,"name":"Strona g\u0142\u00f3wna","item":"https:\/\/www.orkel.com\/pl\/"},{"@type":"ListItem","position":2,"name":"Rewolucja w gospodarce odpadami na Grenlandii"}]},{"@type":"WebSite","@id":"https:\/\/www.orkel.com\/pl\/#website","url":"https:\/\/www.orkel.com\/pl\/","name":"Orkel","description":"","publisher":{"@id":"https:\/\/www.orkel.com\/pl\/#organization"},"potentialAction":[{"@type":"SearchAction","target":{"@type":"EntryPoint","urlTemplate":"https:\/\/www.orkel.com\/pl\/?s={search_term_string}"},"query-input":{"@type":"PropertyValueSpecification","valueRequired":true,"valueName":"search_term_string"}}],"inLanguage":"pl-PL"},{"@type":"Organization","@id":"https:\/\/www.orkel.com\/pl\/#organization","name":"Orkel","url":"https:\/\/www.orkel.com\/pl\/","logo":{"@type":"ImageObject","inLanguage":"pl-PL","@id":"https:\/\/www.orkel.com\/pl\/#\/schema\/logo\/image\/","url":"https:\/\/www.orkel.com\/wp-content\/uploads\/2025\/05\/orkel-logo.svg","contentUrl":"https:\/\/www.orkel.com\/wp-content\/uploads\/2025\/05\/orkel-logo.svg","width":160,"height":65,"caption":"Orkel"},"image":{"@id":"https:\/\/www.orkel.com\/pl\/#\/schema\/logo\/image\/"},"sameAs":["https:\/\/www.facebook.com\/OrkelAS"]},{"@type":"Person","@id":"https:\/\/www.orkel.com\/pl\/#\/schema\/person\/a733302bcc8b985865970d5b23bd95fa","name":"Marte Wormdal Malde","image":{"@type":"ImageObject","inLanguage":"pl-PL","@id":"https:\/\/www.orkel.com\/pl\/#\/schema\/person\/image\/","url":"https:\/\/secure.gravatar.com\/avatar\/f3d6ccf806499bd6b1d3d27fe660ebac7556633ea7c828bbb431e54ff1f4064f?s=96&d=mm&r=g","contentUrl":"https:\/\/secure.gravatar.com\/avatar\/f3d6ccf806499bd6b1d3d27fe660ebac7556633ea7c828bbb431e54ff1f4064f?s=96&d=mm&r=g","caption":"Marte Wormdal Malde"},"url":"https:\/\/www.orkel.com\/pl\/blog\/author\/marte\/"}]}},"acf_fields":[],"mfb_rest_fields":["title","yoast_head","yoast_head_json","acf_fields"],"_links":{"self":[{"href":"https:\/\/www.orkel.com\/pl\/wp-json\/wp\/v2\/posts\/36388","targetHints":{"allow":["GET"]}}],"collection":[{"href":"https:\/\/www.orkel.com\/pl\/wp-json\/wp\/v2\/posts"}],"about":[{"href":"https:\/\/www.orkel.com\/pl\/wp-json\/wp\/v2\/types\/post"}],"author":[{"embeddable":true,"href":"https:\/\/www.orkel.com\/pl\/wp-json\/wp\/v2\/users\/21"}],"replies":[{"embeddable":true,"href":"https:\/\/www.orkel.com\/pl\/wp-json\/wp\/v2\/comments?post=36388"}],"version-history":[{"count":0,"href":"https:\/\/www.orkel.com\/pl\/wp-json\/wp\/v2\/posts\/36388\/revisions"}],"wp:attachment":[{"href":"https:\/\/www.orkel.com\/pl\/wp-json\/wp\/v2\/media?parent=36388"}],"wp:term":[{"taxonomy":"category","embeddable":true,"href":"https:\/\/www.orkel.com\/pl\/wp-json\/wp\/v2\/categories?post=36388"},{"taxonomy":"post_tag","embeddable":true,"href":"https:\/\/www.orkel.com\/pl\/wp-json\/wp\/v2\/tags?post=36388"}],"curies":[{"name":"wp","href":"https:\/\/api.w.org\/{rel}","templated":true}]}}