{"id":35893,"date":"2024-03-12T08:10:50","date_gmt":"2024-03-12T07:10:50","guid":{"rendered":"https:\/\/www.orkel.com\/blog\/la-revolucion-de-groenlandia-en-la-gestion-de-residuos\/"},"modified":"2025-09-09T15:03:29","modified_gmt":"2025-09-09T13:03:29","slug":"la-revolucion-de-groenlandia-en-la-gestion-de-residuos","status":"publish","type":"post","link":"https:\/\/www.orkel.com\/es\/blog\/la-revolucion-de-groenlandia-en-la-gestion-de-residuos\/","title":{"rendered":"La revoluci\u00f3n de Groenlandia en la gesti\u00f3n de residuos"},"content":{"rendered":"\n<p><strong>Dos ciudades de Groenlandia, con su inquebrantable atenci\u00f3n a la gesti\u00f3n de los residuos y al cuidado del medio ambiente, han estado a la vanguardia de la b\u00fasqueda de soluciones para hacer frente a la contaminaci\u00f3n provocada por los vertederos de basura a cielo abierto. Reconociendo la urgencia de la situaci\u00f3n, ha surgido un esfuerzo de colaboraci\u00f3n entre Orkel, \u00d8stli en Dinamarca, y dos de los municipios de Groenlandia, que supone un paso importante hacia la conservaci\u00f3n de la belleza natural de la regi\u00f3n. <\/strong><\/p>\n\n<p>El reto de la dispersi\u00f3n de residuos persiste debido a los vientos persistentes, que amenazan los ecosistemas locales. En respuesta, los municipios de Groenlandia buscaron una soluci\u00f3n sostenible que cumpliera la normativa sobre transporte de residuos. <\/p>\n\n<h2 class=\"wp-block-heading has-medium-font-size\">Envases innovadores para residuos: Soluci\u00f3n de balas redondas<\/h2>\n\n<p>Orkel introdujo un enfoque innovador consistente en empaquetar la basura en balas redondas con las rotoempacadoras industriales, lo que garantiza una contenci\u00f3n segura y minimiza la contaminaci\u00f3n ambiental durante el almacenamiento y el transporte.<br\/><br\/>Esta soluci\u00f3n pr\u00e1ctica est\u00e1 en consonancia con el compromiso de Groenlandia con la gesti\u00f3n ambiental, mientras se espera la conversi\u00f3n de residuos en energ\u00eda en la capital, Nuuk.<\/p>\n\n<p><\/p>\n\n<figure class=\"wp-block-image size-large\"><img loading=\"lazy\" decoding=\"async\" width=\"1024\" height=\"576\" src=\"https:\/\/www.orkel.com\/wp-content\/uploads\/2024\/03\/Bilde3-1024x576.jpg\" alt=\"\" class=\"wp-image-16144\" srcset=\"https:\/\/www.orkel.com\/wp-content\/uploads\/2024\/03\/Bilde3-1024x576.jpg 1024w, https:\/\/www.orkel.com\/wp-content\/uploads\/2024\/03\/Bilde3-300x169.jpg 300w, https:\/\/www.orkel.com\/wp-content\/uploads\/2024\/03\/Bilde3-178x100.jpg 178w, https:\/\/www.orkel.com\/wp-content\/uploads\/2024\/03\/Bilde3-768x432.jpg 768w, https:\/\/www.orkel.com\/wp-content\/uploads\/2024\/03\/Bilde3.jpg 1384w\" sizes=\"(max-width: 1024px) 100vw, 1024px\" \/><figcaption class=\"wp-element-caption\">El compactador Orkel Hi-X evo transforma los residuos a granel en unidades compactadas y selladas.  <\/figcaption><\/figure>\n\n<h2 class=\"wp-block-heading has-medium-font-size\">\u00c9xito de la implantaci\u00f3n de las prensas Orkel para residuos industriales<\/h2>\n\n<p>Dos unidades Orkel Hi-X evo, situadas estrat\u00e9gicamente en Ilulissat y Upernavik, suponen un paso importante hacia la gesti\u00f3n sostenible de los residuos en Groenlandia. Equipadas con tecnolog\u00eda avanzada procedente de Noruega, estas prensas de residuos industriales son cruciales para alcanzar los objetivos medioambientales de la regi\u00f3n. La decisi\u00f3n de elegir a Orkel fue polifac\u00e9tica.  <\/p>\n\n<figure class=\"wp-block-image is-resized\"><img loading=\"lazy\" decoding=\"async\" width=\"821\" height=\"1096\" src=\"https:\/\/www.orkel.com\/wp-content\/uploads\/2024\/03\/Bilde1-1.jpg\" alt=\"\" class=\"wp-image-16147\" style=\"width:465px;height:621px\" srcset=\"https:\/\/www.orkel.com\/wp-content\/uploads\/2024\/03\/Bilde1-1.jpg 821w, https:\/\/www.orkel.com\/wp-content\/uploads\/2024\/03\/Bilde1-1-225x300.jpg 225w, https:\/\/www.orkel.com\/wp-content\/uploads\/2024\/03\/Bilde1-1-767x1024.jpg 767w, https:\/\/www.orkel.com\/wp-content\/uploads\/2024\/03\/Bilde1-1-75x100.jpg 75w, https:\/\/www.orkel.com\/wp-content\/uploads\/2024\/03\/Bilde1-1-768x1025.jpg 768w\" sizes=\"(max-width: 821px) 100vw, 821px\" \/><figcaption class=\"wp-element-caption\">Los residuos compactados y envueltos ocupan menos espacio sin esparcirse por el oc\u00e9ano.<\/figcaption><\/figure>\n\n<h2 class=\"wp-block-heading has-medium-font-size\">Compromiso con la responsabilidad medioambiental<\/h2>\n\n<p>La colaboraci\u00f3n de Orkel y Groenlandia refleja una dedicaci\u00f3n compartida a la protecci\u00f3n del medio ambiente. Al reducir la contaminaci\u00f3n y mejorar la gesti\u00f3n de residuos, ayudamos a preservar los paisajes naturales de Groenlandia para las generaciones futuras. <\/p>\n\n<p>El trabajo de Orkel en Groenlandia muestra c\u00f3mo la innovaci\u00f3n y el trabajo en equipo pueden marcar una diferencia real a la hora de abordar los retos medioambientales.  <\/p>\n\n<p>A medida que avanzamos, mantenemos nuestro compromiso de crear un planeta m\u00e1s limpio y sano.<\/p>\n\n<p><\/p>\n","protected":false},"excerpt":{"rendered":"<p>Dos ciudades de Groenlandia, con su inquebrantable atenci\u00f3n a la gesti\u00f3n de los residuos y al cuidado del medio ambiente, han estado a la vanguardia de la b\u00fasqueda de soluciones para hacer frente a la contaminaci\u00f3n provocada por los vertederos de basura a cielo abierto. Reconociendo la urgencia de la situaci\u00f3n, ha surgido un esfuerzo [&hellip;]<\/p>\n","protected":false},"author":21,"featured_media":35895,"comment_status":"closed","ping_status":"closed","sticky":false,"template":"","format":"standard","meta":{"_acf_changed":false,"footnotes":""},"categories":[374],"tags":[],"class_list":["post-35893","post","type-post","status-publish","format-standard","has-post-thumbnail","hentry","category-articulos"],"acf":[],"mb":[],"yoast_head":"<!-- This site is optimized with the Yoast SEO plugin v25.8 - https:\/\/yoast.com\/wordpress\/plugins\/seo\/ -->\n<title>La revoluci\u00f3n de Groenlandia en la gesti\u00f3n de residuos - Orkel<\/title>\n<meta name=\"description\" content=\"Explora la tecnolog\u00eda de compactaci\u00f3n de Orkel, ideal para comunidades insulares como Groenlandia. Toma el control de la eliminaci\u00f3n de residuos, compact\u00e1ndolos para su reutilizaci\u00f3n energ\u00e9tica. Revoluciona la sostenibilidad con nuestra soluci\u00f3n \u00fanica.\" \/>\n<meta name=\"robots\" content=\"index, follow, max-snippet:-1, max-image-preview:large, max-video-preview:-1\" \/>\n<link rel=\"canonical\" href=\"https:\/\/www.orkel.com\/es\/blog\/la-revolucion-de-groenlandia-en-la-gestion-de-residuos\/\" \/>\n<meta property=\"og:locale\" content=\"es_ES\" \/>\n<meta property=\"og:type\" content=\"article\" \/>\n<meta property=\"og:title\" content=\"La revoluci\u00f3n de Groenlandia en la gesti\u00f3n de residuos - Orkel\" \/>\n<meta property=\"og:description\" content=\"Explora la tecnolog\u00eda de compactaci\u00f3n de Orkel, ideal para comunidades insulares como Groenlandia. Toma el control de la eliminaci\u00f3n de residuos, compact\u00e1ndolos para su reutilizaci\u00f3n energ\u00e9tica. Revoluciona la sostenibilidad con nuestra soluci\u00f3n \u00fanica.\" \/>\n<meta property=\"og:url\" content=\"https:\/\/www.orkel.com\/es\/blog\/la-revolucion-de-groenlandia-en-la-gestion-de-residuos\/\" \/>\n<meta property=\"og:site_name\" content=\"Orkel\" \/>\n<meta property=\"article:publisher\" content=\"https:\/\/www.facebook.com\/OrkelAS\" \/>\n<meta property=\"article:published_time\" content=\"2024-03-12T07:10:50+00:00\" \/>\n<meta property=\"article:modified_time\" content=\"2025-09-09T13:03:29+00:00\" \/>\n<meta property=\"og:image\" content=\"https:\/\/www.orkel.com\/wp-content\/uploads\/2024\/03\/Bilde2.jpg\" \/>\n\t<meta property=\"og:image:width\" content=\"1384\" \/>\n\t<meta property=\"og:image:height\" content=\"1038\" \/>\n\t<meta property=\"og:image:type\" content=\"image\/jpeg\" \/>\n<meta name=\"author\" content=\"Marte Wormdal Malde\" \/>\n<meta name=\"twitter:card\" content=\"summary_large_image\" \/>\n<meta name=\"twitter:label1\" content=\"Escrito por\" \/>\n\t<meta name=\"twitter:data1\" content=\"Marte Wormdal Malde\" \/>\n\t<meta name=\"twitter:label2\" content=\"Tiempo de lectura\" \/>\n\t<meta name=\"twitter:data2\" content=\"2 minuto\" \/>\n<script type=\"application\/ld+json\" class=\"yoast-schema-graph\">{\"@context\":\"https:\/\/schema.org\",\"@graph\":[{\"@type\":\"WebPage\",\"@id\":\"https:\/\/www.orkel.com\/es\/blog\/la-revolucion-de-groenlandia-en-la-gestion-de-residuos\/\",\"url\":\"https:\/\/www.orkel.com\/es\/blog\/la-revolucion-de-groenlandia-en-la-gestion-de-residuos\/\",\"name\":\"La revoluci\u00f3n de Groenlandia en la gesti\u00f3n de residuos - Orkel\",\"isPartOf\":{\"@id\":\"https:\/\/www.orkel.com\/es\/#website\"},\"primaryImageOfPage\":{\"@id\":\"https:\/\/www.orkel.com\/es\/blog\/la-revolucion-de-groenlandia-en-la-gestion-de-residuos\/#primaryimage\"},\"image\":{\"@id\":\"https:\/\/www.orkel.com\/es\/blog\/la-revolucion-de-groenlandia-en-la-gestion-de-residuos\/#primaryimage\"},\"thumbnailUrl\":\"https:\/\/www.orkel.com\/wp-content\/uploads\/2024\/03\/Bilde2.jpg\",\"datePublished\":\"2024-03-12T07:10:50+00:00\",\"dateModified\":\"2025-09-09T13:03:29+00:00\",\"author\":{\"@id\":\"https:\/\/www.orkel.com\/es\/#\/schema\/person\/a733302bcc8b985865970d5b23bd95fa\"},\"description\":\"Explora la tecnolog\u00eda de compactaci\u00f3n de Orkel, ideal para comunidades insulares como Groenlandia. Toma el control de la eliminaci\u00f3n de residuos, compact\u00e1ndolos para su reutilizaci\u00f3n energ\u00e9tica. Revoluciona la sostenibilidad con nuestra soluci\u00f3n \u00fanica.\",\"breadcrumb\":{\"@id\":\"https:\/\/www.orkel.com\/es\/blog\/la-revolucion-de-groenlandia-en-la-gestion-de-residuos\/#breadcrumb\"},\"inLanguage\":\"es\",\"potentialAction\":[{\"@type\":\"ReadAction\",\"target\":[\"https:\/\/www.orkel.com\/es\/blog\/la-revolucion-de-groenlandia-en-la-gestion-de-residuos\/\"]}]},{\"@type\":\"ImageObject\",\"inLanguage\":\"es\",\"@id\":\"https:\/\/www.orkel.com\/es\/blog\/la-revolucion-de-groenlandia-en-la-gestion-de-residuos\/#primaryimage\",\"url\":\"https:\/\/www.orkel.com\/wp-content\/uploads\/2024\/03\/Bilde2.jpg\",\"contentUrl\":\"https:\/\/www.orkel.com\/wp-content\/uploads\/2024\/03\/Bilde2.jpg\",\"width\":1384,\"height\":1038,\"caption\":\"Overview of a landfill on Greenland with the ocean in the background\"},{\"@type\":\"BreadcrumbList\",\"@id\":\"https:\/\/www.orkel.com\/es\/blog\/la-revolucion-de-groenlandia-en-la-gestion-de-residuos\/#breadcrumb\",\"itemListElement\":[{\"@type\":\"ListItem\",\"position\":1,\"name\":\"Inicio\",\"item\":\"https:\/\/www.orkel.com\/es\/\"},{\"@type\":\"ListItem\",\"position\":2,\"name\":\"La revoluci\u00f3n de Groenlandia en la gesti\u00f3n de residuos\"}]},{\"@type\":\"WebSite\",\"@id\":\"https:\/\/www.orkel.com\/es\/#website\",\"url\":\"https:\/\/www.orkel.com\/es\/\",\"name\":\"Orkel\",\"description\":\"\",\"potentialAction\":[{\"@type\":\"SearchAction\",\"target\":{\"@type\":\"EntryPoint\",\"urlTemplate\":\"https:\/\/www.orkel.com\/es\/?s={search_term_string}\"},\"query-input\":{\"@type\":\"PropertyValueSpecification\",\"valueRequired\":true,\"valueName\":\"search_term_string\"}}],\"inLanguage\":\"es\"},{\"@type\":\"Person\",\"@id\":\"https:\/\/www.orkel.com\/es\/#\/schema\/person\/a733302bcc8b985865970d5b23bd95fa\",\"name\":\"Marte Wormdal Malde\",\"image\":{\"@type\":\"ImageObject\",\"inLanguage\":\"es\",\"@id\":\"https:\/\/www.orkel.com\/es\/#\/schema\/person\/image\/\",\"url\":\"https:\/\/secure.gravatar.com\/avatar\/f3d6ccf806499bd6b1d3d27fe660ebac7556633ea7c828bbb431e54ff1f4064f?s=96&d=mm&r=g\",\"contentUrl\":\"https:\/\/secure.gravatar.com\/avatar\/f3d6ccf806499bd6b1d3d27fe660ebac7556633ea7c828bbb431e54ff1f4064f?s=96&d=mm&r=g\",\"caption\":\"Marte Wormdal Malde\"},\"url\":\"https:\/\/www.orkel.com\/es\/blog\/author\/marte\/\"}]}<\/script>\n<!-- \/ Yoast SEO plugin. -->","yoast_head_json":{"title":"La revoluci\u00f3n de Groenlandia en la gesti\u00f3n de residuos - Orkel","description":"Explora la tecnolog\u00eda de compactaci\u00f3n de Orkel, ideal para comunidades insulares como Groenlandia. Toma el control de la eliminaci\u00f3n de residuos, compact\u00e1ndolos para su reutilizaci\u00f3n energ\u00e9tica. Revoluciona la sostenibilidad con nuestra soluci\u00f3n \u00fanica.","robots":{"index":"index","follow":"follow","max-snippet":"max-snippet:-1","max-image-preview":"max-image-preview:large","max-video-preview":"max-video-preview:-1"},"canonical":"https:\/\/www.orkel.com\/es\/blog\/la-revolucion-de-groenlandia-en-la-gestion-de-residuos\/","og_locale":"es_ES","og_type":"article","og_title":"La revoluci\u00f3n de Groenlandia en la gesti\u00f3n de residuos - Orkel","og_description":"Explora la tecnolog\u00eda de compactaci\u00f3n de Orkel, ideal para comunidades insulares como Groenlandia. Toma el control de la eliminaci\u00f3n de residuos, compact\u00e1ndolos para su reutilizaci\u00f3n energ\u00e9tica. Revoluciona la sostenibilidad con nuestra soluci\u00f3n \u00fanica.","og_url":"https:\/\/www.orkel.com\/es\/blog\/la-revolucion-de-groenlandia-en-la-gestion-de-residuos\/","og_site_name":"Orkel","article_publisher":"https:\/\/www.facebook.com\/OrkelAS","article_published_time":"2024-03-12T07:10:50+00:00","article_modified_time":"2025-09-09T13:03:29+00:00","og_image":[{"width":1384,"height":1038,"url":"https:\/\/www.orkel.com\/wp-content\/uploads\/2024\/03\/Bilde2.jpg","type":"image\/jpeg"}],"author":"Marte Wormdal Malde","twitter_card":"summary_large_image","twitter_misc":{"Escrito por":"Marte Wormdal Malde","Tiempo de lectura":"2 minuto"},"schema":{"@context":"https:\/\/schema.org","@graph":[{"@type":"WebPage","@id":"https:\/\/www.orkel.com\/es\/blog\/la-revolucion-de-groenlandia-en-la-gestion-de-residuos\/","url":"https:\/\/www.orkel.com\/es\/blog\/la-revolucion-de-groenlandia-en-la-gestion-de-residuos\/","name":"La revoluci\u00f3n de Groenlandia en la gesti\u00f3n de residuos - Orkel","isPartOf":{"@id":"https:\/\/www.orkel.com\/es\/#website"},"primaryImageOfPage":{"@id":"https:\/\/www.orkel.com\/es\/blog\/la-revolucion-de-groenlandia-en-la-gestion-de-residuos\/#primaryimage"},"image":{"@id":"https:\/\/www.orkel.com\/es\/blog\/la-revolucion-de-groenlandia-en-la-gestion-de-residuos\/#primaryimage"},"thumbnailUrl":"https:\/\/www.orkel.com\/wp-content\/uploads\/2024\/03\/Bilde2.jpg","datePublished":"2024-03-12T07:10:50+00:00","dateModified":"2025-09-09T13:03:29+00:00","author":{"@id":"https:\/\/www.orkel.com\/es\/#\/schema\/person\/a733302bcc8b985865970d5b23bd95fa"},"description":"Explora la tecnolog\u00eda de compactaci\u00f3n de Orkel, ideal para comunidades insulares como Groenlandia. Toma el control de la eliminaci\u00f3n de residuos, compact\u00e1ndolos para su reutilizaci\u00f3n energ\u00e9tica. Revoluciona la sostenibilidad con nuestra soluci\u00f3n \u00fanica.","breadcrumb":{"@id":"https:\/\/www.orkel.com\/es\/blog\/la-revolucion-de-groenlandia-en-la-gestion-de-residuos\/#breadcrumb"},"inLanguage":"es","potentialAction":[{"@type":"ReadAction","target":["https:\/\/www.orkel.com\/es\/blog\/la-revolucion-de-groenlandia-en-la-gestion-de-residuos\/"]}]},{"@type":"ImageObject","inLanguage":"es","@id":"https:\/\/www.orkel.com\/es\/blog\/la-revolucion-de-groenlandia-en-la-gestion-de-residuos\/#primaryimage","url":"https:\/\/www.orkel.com\/wp-content\/uploads\/2024\/03\/Bilde2.jpg","contentUrl":"https:\/\/www.orkel.com\/wp-content\/uploads\/2024\/03\/Bilde2.jpg","width":1384,"height":1038,"caption":"Overview of a landfill on Greenland with the ocean in the background"},{"@type":"BreadcrumbList","@id":"https:\/\/www.orkel.com\/es\/blog\/la-revolucion-de-groenlandia-en-la-gestion-de-residuos\/#breadcrumb","itemListElement":[{"@type":"ListItem","position":1,"name":"Inicio","item":"https:\/\/www.orkel.com\/es\/"},{"@type":"ListItem","position":2,"name":"La revoluci\u00f3n de Groenlandia en la gesti\u00f3n de residuos"}]},{"@type":"WebSite","@id":"https:\/\/www.orkel.com\/es\/#website","url":"https:\/\/www.orkel.com\/es\/","name":"Orkel","description":"","potentialAction":[{"@type":"SearchAction","target":{"@type":"EntryPoint","urlTemplate":"https:\/\/www.orkel.com\/es\/?s={search_term_string}"},"query-input":{"@type":"PropertyValueSpecification","valueRequired":true,"valueName":"search_term_string"}}],"inLanguage":"es"},{"@type":"Person","@id":"https:\/\/www.orkel.com\/es\/#\/schema\/person\/a733302bcc8b985865970d5b23bd95fa","name":"Marte Wormdal Malde","image":{"@type":"ImageObject","inLanguage":"es","@id":"https:\/\/www.orkel.com\/es\/#\/schema\/person\/image\/","url":"https:\/\/secure.gravatar.com\/avatar\/f3d6ccf806499bd6b1d3d27fe660ebac7556633ea7c828bbb431e54ff1f4064f?s=96&d=mm&r=g","contentUrl":"https:\/\/secure.gravatar.com\/avatar\/f3d6ccf806499bd6b1d3d27fe660ebac7556633ea7c828bbb431e54ff1f4064f?s=96&d=mm&r=g","caption":"Marte Wormdal Malde"},"url":"https:\/\/www.orkel.com\/es\/blog\/author\/marte\/"}]}},"acf_fields":[],"mfb_rest_fields":["title","yoast_head","yoast_head_json","acf_fields"],"_links":{"self":[{"href":"https:\/\/www.orkel.com\/es\/wp-json\/wp\/v2\/posts\/35893","targetHints":{"allow":["GET"]}}],"collection":[{"href":"https:\/\/www.orkel.com\/es\/wp-json\/wp\/v2\/posts"}],"about":[{"href":"https:\/\/www.orkel.com\/es\/wp-json\/wp\/v2\/types\/post"}],"author":[{"embeddable":true,"href":"https:\/\/www.orkel.com\/es\/wp-json\/wp\/v2\/users\/21"}],"replies":[{"embeddable":true,"href":"https:\/\/www.orkel.com\/es\/wp-json\/wp\/v2\/comments?post=35893"}],"version-history":[{"count":0,"href":"https:\/\/www.orkel.com\/es\/wp-json\/wp\/v2\/posts\/35893\/revisions"}],"wp:featuredmedia":[{"embeddable":true,"href":"https:\/\/www.orkel.com\/es\/wp-json\/wp\/v2\/media\/35895"}],"wp:attachment":[{"href":"https:\/\/www.orkel.com\/es\/wp-json\/wp\/v2\/media?parent=35893"}],"wp:term":[{"taxonomy":"category","embeddable":true,"href":"https:\/\/www.orkel.com\/es\/wp-json\/wp\/v2\/categories?post=35893"},{"taxonomy":"post_tag","embeddable":true,"href":"https:\/\/www.orkel.com\/es\/wp-json\/wp\/v2\/tags?post=35893"}],"curies":[{"name":"wp","href":"https:\/\/api.w.org\/{rel}","templated":true}]}}